{"id":972,"date":"2014-04-14T15:42:27","date_gmt":"2014-04-14T13:42:27","guid":{"rendered":"http:\/\/taxiberia.es\/blog\/?p=972"},"modified":"2015-03-26T13:42:33","modified_gmt":"2015-03-26T12:42:33","slug":"semana-santa-en-sevilla-tradicion-y-devocion","status":"publish","type":"post","link":"https:\/\/www.taxiberia.es\/blog\/2014\/04\/14\/semana-santa-en-sevilla-tradicion-y-devocion\/","title":{"rendered":"Semana Santa en Sevilla, tradici\u00f3n y devoci\u00f3n"},"content":{"rendered":"<p><a href=\"http:\/\/taxiberia.es\/blog\/wp-content\/uploads\/2014\/04\/Sevilla-semana-santa.jpg\"><img loading=\"lazy\" class=\"aligncenter size-full wp-image-974\" src=\"http:\/\/taxiberia.es\/blog\/wp-content\/uploads\/2014\/04\/Sevilla-semana-santa.jpg\" alt=\"Sevilla Semana Santa\" width=\"640\" height=\"425\" srcset=\"https:\/\/www.taxiberia.es\/blog\/wp-content\/uploads\/2014\/04\/Sevilla-semana-santa.jpg 640w, https:\/\/www.taxiberia.es\/blog\/wp-content\/uploads\/2014\/04\/Sevilla-semana-santa-300x199.jpg 300w\" sizes=\"(max-width: 640px) 100vw, 640px\" \/><\/a><\/p>\n<p>[mt_dropcap style=\u00bb1&#8243;] L [\/mt_dropcap]a Semana Santa es un periodo vacacional para la mayor\u00eda de los espa\u00f1oles, pero esta \u00e9poca se vive con especial intensidad y devoci\u00f3n religiosa en muchos lugares de nuestra geograf\u00eda. Uno de esos lugares es, sin duda, la capital andaluza, Sevilla. Porque la <a href=\"http:\/\/www.semana-santa.org\/\">Semana Santa<\/a> es diferente y especial en Sevilla y atrae la atenci\u00f3n del mundo entero por su derroche de sentimiento religioso, est\u00e9tica y arte. Las diferentes <a href=\"http:\/\/www.hermandades-de-sevilla.org\/\">Hermandades y Cofrad\u00edas de Sevilla<\/a> trabajan durante todo el a\u00f1o para que todas las procesiones que recorren la ciudad durante esta semana discurran con normalidad y sean un \u00e9xito como m\u00e1xima expresi\u00f3n del fervor religioso que mantienen estas instituciones con tanto arraigo en la sociedad sevillana.<\/p>\n<p><a href=\"http:\/\/taxiberia.es\/blog\/wp-content\/uploads\/2014\/04\/Nazarenos.jpg\"><img loading=\"lazy\" class=\"alignleft size-full wp-image-975\" src=\"http:\/\/taxiberia.es\/blog\/wp-content\/uploads\/2014\/04\/Nazarenos.jpg\" alt=\"Nazarenos\" width=\"375\" height=\"500\" srcset=\"https:\/\/www.taxiberia.es\/blog\/wp-content\/uploads\/2014\/04\/Nazarenos.jpg 375w, https:\/\/www.taxiberia.es\/blog\/wp-content\/uploads\/2014\/04\/Nazarenos-225x300.jpg 225w\" sizes=\"(max-width: 375px) 100vw, 375px\" \/><\/a>Durante la Semana Santa, Sevilla se llena de procesiones, el rito de cada una de las Cofrad\u00edas y Hermandades que llevan sus veneradas figuras hasta la catedral de la ciudad. Cada procesi\u00f3n, adem\u00e1s de una manifestaci\u00f3n del fervor religioso de cada uno de los participantes en la misma, tanto dentro como fuera de la procesi\u00f3n, es un acto propio de una riqueza cultural fruto de una tradici\u00f3n centenaria, algo digno de ver y de sentir.<\/p>\n<p>Ser\u00eda muy largo describir como es una procesi\u00f3n, que elementos la configuran y que personas participan de una u otra manera. Tambi\u00e9n ser\u00eda muy largo enumerar todos los actos y procesiones que se pueden vivir durante la Semana Santa en una ciudad como Sevilla, que durante esos d\u00edas se vuelca en vivir plenamente sus tradiciones m\u00e1s queridas y arraigadas en el imaginario colectivo de sus vecinos.<\/p>\n<p>Solamente queremos incidir en la espectacularidad de estos eventos religiosos, en los que cada uno cumple su papel para que el resultado final sea un \u00e9xito. Desde el capataz hasta el \u00faltimo costalero, desde los m\u00fasicos hasta los fieles que cantan saetas desde sus balcones, todos contribuyen a que las procesiones est\u00e9n cargadas de simbolismo y de una atm\u00f3sfera electrizante en la que se percibe el fervor religioso como algo tangible, algo propio de los sevillanos desde hace muchos siglos y que se renueva cada a\u00f1o por estas fechas. Sevilla alcanza su jornada de mayor esplendor con la llegada de \u201c<a href=\"http:\/\/www.homeaway.es\/info\/ideas-para-vacaciones\/Alojamientos-Fechas-Especiales\/semanasanta\/sevilla\/la-madruga-sevilla\" target=\"_blank\">la madrug\u00e1<\/a>\u201d del Viernes Santo, la noche en la que realizan su estaci\u00f3n de penitencia las Hermandades con m\u00e1s arraigo y popularidad en la capital hispalense: el Silencio, el Gran Poder, la Macarena, la Trianera, el Calvario o los Gitanos.<a href=\"http:\/\/taxiberia.es\/blog\/wp-content\/uploads\/2014\/04\/Macarena.jpg\"><img loading=\"lazy\" class=\"alignright size-medium wp-image-977\" src=\"http:\/\/taxiberia.es\/blog\/wp-content\/uploads\/2014\/04\/Macarena-300x300.jpg\" alt=\"Virgen de la Macarena\" width=\"300\" height=\"300\" srcset=\"https:\/\/www.taxiberia.es\/blog\/wp-content\/uploads\/2014\/04\/Macarena-300x300.jpg 300w, https:\/\/www.taxiberia.es\/blog\/wp-content\/uploads\/2014\/04\/Macarena-150x150.jpg 150w, https:\/\/www.taxiberia.es\/blog\/wp-content\/uploads\/2014\/04\/Macarena-50x50.jpg 50w, https:\/\/www.taxiberia.es\/blog\/wp-content\/uploads\/2014\/04\/Macarena.jpg 500w\" sizes=\"(max-width: 300px) 100vw, 300px\" \/><\/a><\/p>\n<p>La Semana Santa de Sevilla es un atractivo tur\u00edstico diferente, pero un atractivo que sorprende y emociona tanto a creyentes como a no-creyentes. A nadie deja indiferente el fervor que esos d\u00edas recorre la ciudad, lo que combinado con el car\u00e1cter de los andaluces, convierte a la Semana Santa sevillana en algo \u00fanico en el mundo y que bien vale la pena conocer. Por eso desde <a href=\"http:\/\/taxiberia.es\/Home\/Index\">Taxiberia<\/a> os animamos a que os acerqu\u00e9is a la ciudad del Guadalquivir para vivir junto a sus habitantes unas fechas tan especiales. Y como peque\u00f1a gu\u00eda para vivir plenamente esta celebraci\u00f3n tan sevillana, os dejamos una infograf\u00eda\u00a0que seguro que os resulta se suma utilidad.<\/p>\n<p><a href=\"http:\/\/taxiberia.es\/blog\/wp-content\/uploads\/2015\/03\/infografia-madruga-sevilla.jpg\"><img loading=\"lazy\" class=\"aligncenter size-full wp-image-1387\" src=\"http:\/\/taxiberia.es\/blog\/wp-content\/uploads\/2015\/03\/infografia-madruga-sevilla.jpg\" alt=\"Madrug\u00e1 en Sevilla, Semana Santa\" width=\"640\" height=\"5142\" \/><\/a><\/p>\n","protected":false},"excerpt":{"rendered":"<p>[mt_dropcap style=\u00bb1&#8243;] L [\/mt_dropcap]a Semana Santa es un periodo vacacional para la mayor\u00eda de los espa\u00f1oles, pero esta \u00e9poca se vive con especial intensidad y devoci\u00f3n religiosa en muchos lugares de nuestra geograf\u00eda. Uno de esos lugares es, sin duda, la capital andaluza, Sevilla. Porque la Semana Santa es diferente y especial en Sevilla y &hellip; <\/p>\n<p class=\"link-more\"><a href=\"https:\/\/www.taxiberia.es\/blog\/2014\/04\/14\/semana-santa-en-sevilla-tradicion-y-devocion\/\" class=\"more-link\">Continuar leyendo<span class=\"screen-reader-text\"> \u00abSemana Santa en Sevilla, tradici\u00f3n y devoci\u00f3n\u00bb<\/span><\/a><\/p>\n","protected":false},"author":1,"featured_media":0,"comment_status":"open","ping_status":"open","sticky":false,"template":"","format":"standard","meta":[],"categories":[186,187,185],"tags":[317,318,315,173,316,54],"_links":{"self":[{"href":"https:\/\/www.taxiberia.es\/blog\/wp-json\/wp\/v2\/posts\/972"}],"collection":[{"href":"https:\/\/www.taxiberia.es\/blog\/wp-json\/wp\/v2\/posts"}],"about":[{"href":"https:\/\/www.taxiberia.es\/blog\/wp-json\/wp\/v2\/types\/post"}],"author":[{"embeddable":true,"href":"https:\/\/www.taxiberia.es\/blog\/wp-json\/wp\/v2\/users\/1"}],"replies":[{"embeddable":true,"href":"https:\/\/www.taxiberia.es\/blog\/wp-json\/wp\/v2\/comments?post=972"}],"version-history":[{"count":0,"href":"https:\/\/www.taxiberia.es\/blog\/wp-json\/wp\/v2\/posts\/972\/revisions"}],"wp:attachment":[{"href":"https:\/\/www.taxiberia.es\/blog\/wp-json\/wp\/v2\/media?parent=972"}],"wp:term":[{"taxonomy":"category","embeddable":true,"href":"https:\/\/www.taxiberia.es\/blog\/wp-json\/wp\/v2\/categories?post=972"},{"taxonomy":"post_tag","embeddable":true,"href":"https:\/\/www.taxiberia.es\/blog\/wp-json\/wp\/v2\/tags?post=972"}],"curies":[{"name":"wp","href":"https:\/\/api.w.org\/{rel}","templated":true}]}}